{"id":4210,"date":"2025-02-11T16:17:15","date_gmt":"2025-02-11T15:17:15","guid":{"rendered":"https:\/\/www.bymycar.es\/webzine\/?p=4210"},"modified":"2025-02-14T11:21:28","modified_gmt":"2025-02-14T10:21:28","slug":"cuales-son-los-mejores-suv-de-espana","status":"publish","type":"post","link":"https:\/\/www.bymycar.es\/webzine\/cuales-son-los-mejores-suv-de-espana\/","title":{"rendered":"\u00bfCu\u00e1les son los mejores SUV de Espa\u00f1a?"},"content":{"rendered":"","protected":false},"excerpt":{"rendered":"","protected":false},"author":11,"featured_media":4213,"comment_status":"closed","ping_status":"closed","sticky":false,"template":"","format":"standard","meta":{"_acf_changed":false,"footnotes":""},"categories":[4],"tags":[],"class_list":["post-4210","post","type-post","status-publish","format-standard","has-post-thumbnail","hentry","category-guia-de-compra"],"acf":{"image":{"ID":4213,"id":4213,"title":"duster-mejores-suv-espana","filename":"duster-mejores-suv-espana-scaled.jpg","filesize":977273,"url":"https:\/\/cdn.bymycar.eu\/es-webzine\/wp-content\/uploads\/2025\/02\/11161145\/duster-mejores-suv-espana-scaled.jpg","link":"https:\/\/www.bymycar.es\/webzine\/cuales-son-los-mejores-suv-de-espana\/duster-mejores-suv-espana\/","alt":"El Dacia Duster se afirma como uno de los SUV m\u00e1s fiables del mercado espa\u00f1ol","author":"11","description":"","caption":"","name":"duster-mejores-suv-espana","status":"inherit","uploaded_to":4210,"date":"2025-02-11 15:11:37","modified":"2025-02-11 15:12:28","menu_order":0,"mime_type":"image\/jpeg","type":"image","subtype":"jpeg","icon":"https:\/\/www.bymycar.es\/webzine\/wp-includes\/images\/media\/default.png","width":2560,"height":1707,"sizes":{"thumbnail":"https:\/\/cdn.bymycar.eu\/es-webzine\/wp-content\/uploads\/2025\/02\/11161145\/duster-mejores-suv-espana-150x150.jpg","thumbnail-width":150,"thumbnail-height":150,"medium":"https:\/\/cdn.bymycar.eu\/es-webzine\/wp-content\/uploads\/2025\/02\/11161145\/duster-mejores-suv-espana-300x200.jpg","medium-width":300,"medium-height":200,"medium_large":"https:\/\/cdn.bymycar.eu\/es-webzine\/wp-content\/uploads\/2025\/02\/11161145\/duster-mejores-suv-espana-768x512.jpg","medium_large-width":768,"medium_large-height":512,"large":"https:\/\/cdn.bymycar.eu\/es-webzine\/wp-content\/uploads\/2025\/02\/11161145\/duster-mejores-suv-espana-1024x683.jpg","large-width":1024,"large-height":683,"1536x1536":"https:\/\/cdn.bymycar.eu\/es-webzine\/wp-content\/uploads\/2025\/02\/11161145\/duster-mejores-suv-espana-1536x1024.jpg","1536x1536-width":1536,"1536x1536-height":1024,"2048x2048":"https:\/\/cdn.bymycar.eu\/es-webzine\/wp-content\/uploads\/2025\/02\/11161145\/duster-mejores-suv-espana-2048x1365.jpg","2048x2048-width":2048,"2048x2048-height":1365}},"introduction":"<p>Los SUV siguen siendo los reyes indiscutibles cuando se trata de aventuras fuera del asfalto. En 2025, el mercado espa\u00f1ol ofrece aut\u00e9nticos SUV que combinan capacidad extrema con tecnolog\u00eda moderna. Descubre nuestra selecci\u00f3n de los 5 mejores que tenemos disponibles en BYmyCAR Espa\u00f1a.<\/p>\n","add-to-bo":false,"page_content":{"block_content":[{"acf_fc_layout":"text-simple","--nav":{"-withNav":false,"-ancre":""},"--group":{"-text":"<h2 data-placeholder-blurred=\"R\u00e9digez un contenu\" data-placeholder-focused=\"Heading 2\">Top 5 SUV m\u00e1s fiables del mercado<\/h2>\n<p>&nbsp;<\/p>\n<h3>Renault Arkana<\/h3>\n<p>El <strong>Renault Arkana<\/strong> destaca por su versatilidad en el segmento SUV espa\u00f1ol. Su motorizaci\u00f3n h\u00edbrida E-TECH de 145 CV ofrece un equilibrio notable entre rendimiento y eficiencia, con consumos medios de 4,8 l\/100 km en ciclo mixto.<\/p>\n<p>La altura libre al suelo de 200 mm y su sistema de tracci\u00f3n avanzado le permiten desenvolverse con soltura en terrenos irregulares. El maletero, con una capacidad de 480 litros en la versi\u00f3n h\u00edbrida, resulta pr\u00e1ctico para el uso familiar.<\/p>\n<p>Los <strong>acabados RS Line<\/strong> incorporan elementos deportivos que realzan su car\u00e1cter din\u00e1mico, mientras que su tecnolog\u00eda de \u00faltima generaci\u00f3n incluye una pantalla t\u00e1ctil vertical de 9,3 pulgadas y un cuadro digital personalizable de 10,2 pulgadas. La calidad de fabricaci\u00f3n y los materiales empleados contribuyen a su notable valoraci\u00f3n en pruebas de fiabilidad.<\/p>\n<p>&nbsp;<\/p>\n<h3>Renault Austral<\/h3>\n<p>El <strong>Renault Austral<\/strong> demuestra su val\u00eda como SUV moderno con su sistema Extended Grip, permitiendo una conducci\u00f3n segura en superficies de baja adherencia gracias a sus modos nieve y todoterreno. Su altura libre al suelo de 180 mm facilita el paso por caminos irregulares.<\/p>\n<p>La <strong>tecnolog\u00eda 4CONTROL Advanced<\/strong> le otorga una maniobrabilidad excepcional mediante sus ruedas traseras directrices, una caracter\u00edstica \u00fanica en su segmento. El maletero adapta su capacidad entre 527 y1.736 litros gracias a los asientos traseros deslizantes.<\/p>\n<p>Los <strong>motores h\u00edbridos<\/strong> disponibles alcanzan hasta 200 CV de potencia, combinando prestaciones deportivas con la eficiencia de la etiqueta ECO. La pantalla OpenR link integra los servicios de Google para una experiencia digital avanzada.<\/p>\n<p>&nbsp;<\/p>\n<h3>BMW X1<\/h3>\n<p>El <strong>BMW X1<\/strong> se consolida como referente entre los SUV compactos premium por su extraordinario comportamiento din\u00e1mico. La tercera generaci\u00f3n exhibe un refinamiento superior con su nueva plataforma, que mejora tanto la estabilidad como el confort de marcha.<\/p>\n<p>Su gama de motorizaciones incluye versiones h\u00edbridas enchufables con hasta 326 CV, perfectas para usuarios que buscan potencia y eficiencia. El <strong>sistema xDrive<\/strong> demuestra su val\u00eda al distribuir la potencia de forma inteligente entre los ejes, garantizando un agarre \u00f3ptimo en condiciones adversas.<\/p>\n<p>La calidad de los materiales y el acabado interior elevan el list\u00f3n en su categor\u00eda. El espacio a bordo sorprende por su amplitud, con una distancia entre ejes de 2,69 metros que beneficia especialmente a los pasajeros traseros.<\/p>\n<p>&nbsp;<\/p>\n<h3>BMW X3<\/h3>\n<p>La cuarta generaci\u00f3n del <strong>BMW X3<\/strong> reafirma su posici\u00f3n como l\u00edder indiscutible en el segmento SUV premium. Las pruebas de fiabilidad lo sit\u00faan entre los m\u00e1s robustos de su categor\u00eda, con una puntuaci\u00f3n sobresaliente del 97.7% seg\u00fan la prestigiosa encuesta What Car.<\/p>\n<p>Espa\u00f1a representa el quinto mercado mundial para este modelo, con ventas que superan las 400 unidades mensuales. La nueva versi\u00f3n incorpora <strong>motores electrificados<\/strong> que combinan rendimiento y eficiencia, destacando su sistema de tracci\u00f3n avanzado con barras estabilizadoras desconectables para mejorar el recorrido fuera de carretera.<\/p>\n<p>El X3 sobresale por su durabilidad a largo plazo, avalada por un historial de m\u00e1s de tres millones de unidades vendidas desde 2003. Los conductores valoran especialmente su adaptabilidad tanto en uso urbano como en terrenos dif\u00edciles.<\/p>\n<p>&nbsp;<\/p>\n<h3>Dacia Duster<\/h3>\n<p>El <strong>Dacia Duster<\/strong> redefine el concepto de SUV accesible con prestaciones que rivalizan con modelos m\u00e1s costosos. Su altura libre al suelo de 217 mm y \u00e1ngulo de ataque de 30\u00b0 le permiten afrontar terrenos complicados con total confianza.<\/p>\n<p>La versi\u00f3n 4&#215;4 brinda una experiencia todoterreno excepcional gracias a sus cinco modos de conducci\u00f3n especializados: ECO, AUTO, SNOW, SAND-MUD y OFF-ROAD. Los neum\u00e1ticos todoterreno Insa Turbo garantizan un agarre superior en superficies dif\u00edciles.<\/p>\n<p>El <strong>motor 1.2 Turbo<\/strong> con 130 CV y tecnolog\u00eda microh\u00edbrida de 48V equilibra potencia y eficiencia. La pantalla central muestra datos esenciales para la conducci\u00f3n off-road, como el \u00e1ngulo de inclinaci\u00f3n lateral y la distribuci\u00f3n del par entre ejes.<\/p>\n"}},{"acf_fc_layout":"carousel-produits"},{"acf_fc_layout":"text-simple","--nav":{"-withNav":false,"-ancre":""},"--group":{"-text":"<h2 data-placeholder-blurred=\"R\u00e9digez un contenu\" data-placeholder-focused=\"Heading 2\">Gu\u00eda de compra: SUV de ocasi\u00f3n<\/h2>\n<p>&nbsp;<\/p>\n<h3>Aspectos clave a revisar antes de comprar<\/h3>\n<p>La inspecci\u00f3n del <strong>sistema de transmisi\u00f3n<\/strong> exige una atenci\u00f3n especial al verificar ruidos anormales durante los cambios de marcha y posibles fugas de aceite. Un SUV bien mantenido debe mostrar un funcionamiento suave del embrague y la caja de cambios.<\/p>\n<p>Los <strong>componentes de la suspensi\u00f3n<\/strong> necesitan una evaluaci\u00f3n detallada. Observa signos de desgaste en amortiguadores y muelles, prestando atenci\u00f3n a golpes o vibraciones durante la conducci\u00f3n. La presencia de \u00f3xido en los bajos del veh\u00edculo puede indicar uso intensivo en condiciones extremas.<\/p>\n<p>Examina el estado de los neum\u00e1ticos buscando un desgaste uniforme y comprueba el funcionamiento del sistema 4&#215;4 en diferentes modos de conducci\u00f3n. La revisi\u00f3n del historial de mantenimiento y las anteriores ITV proporcionar\u00e1 informaci\u00f3n valiosa sobre el cuidado previo del veh\u00edculo.<\/p>\n<p>&nbsp;<\/p>\n<h3>\u00bfQue SUV comprar?<\/h3>\n<p>Los SUV representan actualmente un segmento clave del mercado automovil\u00edstico, que responde a las variadas necesidades de los consumidores gracias a su polivalencia, su atractivo dise\u00f1o y su confort de conducci\u00f3n. Entre los principales actores de este mercado, Renault, BMW y Dacia destacan por ofrecer productos complementarios adaptados a perfiles de comprador muy diferentes.<\/p>\n<p><strong>Renault <\/strong>destaca en este segmento con modelos como el <strong>Renault Captur<\/strong> y el <strong>Renault Austral<\/strong>, que combinan un dise\u00f1o moderno, tecnolog\u00edas avanzadas y eficiencia de combustible, al tiempo que satisfacen las necesidades de las familias y los conductores urbanos. Por su parte, <strong>BMW<\/strong> ofrece una gama premium con sus <strong>BMW X1, X3 <\/strong>y<strong> X5<\/strong>, SUV que encarnan prestaciones, lujo y una experiencia de conducci\u00f3n excepcional gracias a potentes motores y acabados de alta gama. Por \u00faltimo, <strong>Dacia <\/strong>revoluciona el mercado con modelos como el <strong>Dacia Duster<\/strong>, un SUV robusto y accesible, ideal para quienes buscan un veh\u00edculo vers\u00e1til con la mejor relaci\u00f3n calidad-precio. Estas tres marcas demuestran as\u00ed la diversidad y el dinamismo del mercado SUV, capaz de responder a todas las expectativas, desde los modelos econ\u00f3micos hasta las soluciones premium.<\/p>\n<p>En resumen, Renault, BMW y Dacia son excelentes <strong>ejemplos de la diversidad y riqueza del mercado de los SUV<\/strong>. Tanto si buscas un SUV tecnol\u00f3gico y familiar de Renault, una experiencia premium que combine lujo y prestaciones de BMW o un veh\u00edculo robusto y econ\u00f3mico de Dacia, estas tres marcas ofrecen soluciones adaptadas a las variadas necesidades de los conductores actuales.<\/p>\n<p>&nbsp;<\/p>\n<p style=\"text-align: center;\"><a href=\"https:\/\/www.bymycar.es\/v\/coche-de-segunda-mano\" target=\"_blank\" class=\"css-button css-button--gold\" >\n                Todos los veh\u00edculos usados  BYmyCAR\n        <\/a><\/p>\n"}},{"acf_fc_layout":"text-simple","--nav":{"-withNav":false,"-ancre":""},"--group":{"-text":"<h2>\u00bfQu\u00e9 diferencia un verdadero 4&#215;4 de un SUV?<\/h2>\n<p>&nbsp;<\/p>\n<h3>Caracter\u00edsticas t\u00e9cnicas esenciales<\/h3>\n<p>La robustez del <strong>chasis de largueros<\/strong> marca una diferencia fundamental en los aut\u00e9nticos SUVs. Esta estructura proporciona mayor resistencia a la torsi\u00f3n y mejor capacidad para soportar impactos en terrenos accidentados.<\/p>\n<p>Los diferenciales bloqueables permiten mantener la tracci\u00f3n en situaciones extremas, mientras que la caja transfer multiplica el par motor para superar obst\u00e1culos a baja velocidad. El recorrido de la suspensi\u00f3n, notablemente m\u00e1s amplio, facilita la articulaci\u00f3n necesaria en terrenos irregulares.<\/p>\n<p>La protecci\u00f3n de los bajos mediante placas met\u00e1licas y los <strong>ejes r\u00edgidos<\/strong> aportan una resistencia superior ante golpes y torsiones. Los \u00e1ngulos de entrada y salida m\u00e1s pronunciados, junto con una mayor distancia entre ejes, garantizan un mejor desempe\u00f1o en condiciones off-road exigentes.<\/p>\n<p>&nbsp;<\/p>\n<h3>La importancia de la reductora en terrenos dif\u00edciles<\/h3>\n<p>La <strong>caja reductora<\/strong> transforma radicalmente el comportamiento del veh\u00edculo al multiplicar el par motor hasta tres veces su valor original. Esta capacidad resulta decisiva al enfrentar pendientes pronunciadas o superficies con baja adherencia.<\/p>\n<p>En situaciones exigentes, como el ascenso por una ladera embarrada con 30 grados de inclinaci\u00f3n, la reductora despliega su m\u00e1ximo potencial al crear una desmultiplicaci\u00f3n que optimiza la entrega de potencia a las ruedas. El <strong>control preciso<\/strong> que brinda este sistema hace posible maniobrar a velocidades extremadamente bajas sin forzar el motor.<\/p>\n<p>La combinaci\u00f3n de la reductora con los bloqueos de diferencial maximiza la tracci\u00f3n en escenarios donde un SUV convencional quedar\u00eda inmediatamente atascado. Por ejemplo, al vadear un r\u00edo o atravesar zonas rocosas, esta sinergia mec\u00e1nica demuestra por qu\u00e9 los verdaderos todoterrenos dominan el off-road.<\/p>\n<p>&nbsp;<\/p>\n<h3>Sistemas de tracci\u00f3n y capacidades off-road<\/h3>\n<p>Los <strong>sistemas de tracci\u00f3n 4&#215;4<\/strong> modernos incorporan tecnolog\u00edas avanzadas que transforman la experiencia off-road. La distribuci\u00f3n electr\u00f3nica del par entre ejes permite adaptarse instant\u00e1neamente a cambios en la adherencia, mientras los modos de conducci\u00f3n especializados optimizan la respuesta del veh\u00edculo seg\u00fan el terreno.<\/p>\n<p>Por su parte, el\u00a0<strong>sistema xDrive<\/strong> de BMW combina eficiencia en carretera con prestaciones todoterreno mediante un embrague multidisco electrohidr\u00e1ulico.<\/p>\n<p>Los nuevos SUV h\u00edbridos aprovechan la respuesta inmediata de los motores el\u00e9ctricos para mejorar el control en situaciones de baja adherencia, complementando las capacidades mec\u00e1nicas tradicionales con una gesti\u00f3n m\u00e1s precisa de la potencia.<\/p>\n"}}]}},"yoast_head":"<!-- This site is optimized with the Yoast SEO plugin v26.4 - https:\/\/yoast.com\/wordpress\/plugins\/seo\/ -->\n<title>\u00bfCu\u00e1les son los mejores SUV de Espa\u00f1a? - Webzine ES | BYmyCAR<\/title>\n<meta name=\"robots\" content=\"index, follow, max-snippet:-1, max-image-preview:large, max-video-preview:-1\" \/>\n<link rel=\"canonical\" href=\"https:\/\/www.bymycar.es\/webzine\/cuales-son-los-mejores-suv-de-espana\/\" \/>\n<meta property=\"og:locale\" content=\"es_ES\" \/>\n<meta property=\"og:type\" content=\"article\" \/>\n<meta property=\"og:title\" content=\"\u00bfCu\u00e1les son los mejores SUV de Espa\u00f1a? - Webzine ES | BYmyCAR\" \/>\n<meta property=\"og:url\" content=\"https:\/\/www.bymycar.es\/webzine\/cuales-son-los-mejores-suv-de-espana\/\" \/>\n<meta property=\"og:site_name\" content=\"Webzine ES | BYmyCAR\" \/>\n<meta property=\"article:published_time\" content=\"2025-02-11T15:17:15+00:00\" \/>\n<meta property=\"article:modified_time\" content=\"2025-02-14T10:21:28+00:00\" \/>\n<meta property=\"og:image\" content=\"https:\/\/cdn.bymycar.eu\/es-webzine\/wp-content\/uploads\/2025\/02\/11161145\/duster-mejores-suv-espana-scaled.jpg\" \/>\n\t<meta property=\"og:image:width\" content=\"2560\" \/>\n\t<meta property=\"og:image:height\" content=\"1707\" \/>\n\t<meta property=\"og:image:type\" content=\"image\/jpeg\" \/>\n<meta name=\"author\" content=\"Maxime Teyzier\" \/>\n<meta name=\"twitter:card\" content=\"summary_large_image\" \/>\n<meta name=\"twitter:label1\" content=\"Escrito por\" \/>\n\t<meta name=\"twitter:data1\" content=\"Maxime Teyzier\" \/>\n\t<meta name=\"twitter:label2\" content=\"Tiempo de lectura\" \/>\n\t<meta name=\"twitter:data2\" content=\"1 minuto\" \/>\n<script type=\"application\/ld+json\" class=\"yoast-schema-graph\">{\"@context\":\"https:\/\/schema.org\",\"@graph\":[{\"@type\":\"Article\",\"@id\":\"https:\/\/www.bymycar.es\/webzine\/cuales-son-los-mejores-suv-de-espana\/#article\",\"isPartOf\":{\"@id\":\"https:\/\/www.bymycar.es\/webzine\/cuales-son-los-mejores-suv-de-espana\/\"},\"author\":{\"name\":\"Maxime Teyzier\",\"@id\":\"https:\/\/www.bymycar.es\/webzine\/#\/schema\/person\/375c93f5b661901545387400fac8c2e6\"},\"headline\":\"\u00bfCu\u00e1les son los mejores SUV de Espa\u00f1a?\",\"datePublished\":\"2025-02-11T15:17:15+00:00\",\"dateModified\":\"2025-02-14T10:21:28+00:00\",\"mainEntityOfPage\":{\"@id\":\"https:\/\/www.bymycar.es\/webzine\/cuales-son-los-mejores-suv-de-espana\/\"},\"wordCount\":9,\"publisher\":{\"@id\":\"https:\/\/www.bymycar.es\/webzine\/#organization\"},\"image\":{\"@id\":\"https:\/\/www.bymycar.es\/webzine\/cuales-son-los-mejores-suv-de-espana\/#primaryimage\"},\"thumbnailUrl\":\"https:\/\/cdn.bymycar.eu\/es-webzine\/wp-content\/uploads\/2025\/02\/11161145\/duster-mejores-suv-espana-scaled.jpg\",\"articleSection\":[\"Gu\u00eda de compra\"],\"inLanguage\":\"es\"},{\"@type\":\"WebPage\",\"@id\":\"https:\/\/www.bymycar.es\/webzine\/cuales-son-los-mejores-suv-de-espana\/\",\"url\":\"https:\/\/www.bymycar.es\/webzine\/cuales-son-los-mejores-suv-de-espana\/\",\"name\":\"\u00bfCu\u00e1les son los mejores SUV de Espa\u00f1a? - Webzine ES | BYmyCAR\",\"isPartOf\":{\"@id\":\"https:\/\/www.bymycar.es\/webzine\/#website\"},\"primaryImageOfPage\":{\"@id\":\"https:\/\/www.bymycar.es\/webzine\/cuales-son-los-mejores-suv-de-espana\/#primaryimage\"},\"image\":{\"@id\":\"https:\/\/www.bymycar.es\/webzine\/cuales-son-los-mejores-suv-de-espana\/#primaryimage\"},\"thumbnailUrl\":\"https:\/\/cdn.bymycar.eu\/es-webzine\/wp-content\/uploads\/2025\/02\/11161145\/duster-mejores-suv-espana-scaled.jpg\",\"datePublished\":\"2025-02-11T15:17:15+00:00\",\"dateModified\":\"2025-02-14T10:21:28+00:00\",\"breadcrumb\":{\"@id\":\"https:\/\/www.bymycar.es\/webzine\/cuales-son-los-mejores-suv-de-espana\/#breadcrumb\"},\"inLanguage\":\"es\",\"potentialAction\":[{\"@type\":\"ReadAction\",\"target\":[\"https:\/\/www.bymycar.es\/webzine\/cuales-son-los-mejores-suv-de-espana\/\"]}]},{\"@type\":\"ImageObject\",\"inLanguage\":\"es\",\"@id\":\"https:\/\/www.bymycar.es\/webzine\/cuales-son-los-mejores-suv-de-espana\/#primaryimage\",\"url\":\"https:\/\/cdn.bymycar.eu\/es-webzine\/wp-content\/uploads\/2025\/02\/11161145\/duster-mejores-suv-espana-scaled.jpg\",\"contentUrl\":\"https:\/\/cdn.bymycar.eu\/es-webzine\/wp-content\/uploads\/2025\/02\/11161145\/duster-mejores-suv-espana-scaled.jpg\",\"width\":2560,\"height\":1707,\"caption\":\"El Dacia Duster se afirma como uno de los SUV m\u00e1s fiables del mercado espa\u00f1ol\"},{\"@type\":\"BreadcrumbList\",\"@id\":\"https:\/\/www.bymycar.es\/webzine\/cuales-son-los-mejores-suv-de-espana\/#breadcrumb\",\"itemListElement\":[{\"@type\":\"ListItem\",\"position\":1,\"name\":\"Inicio\",\"item\":\"https:\/\/www.bymycar.es\/webzine\/\"},{\"@type\":\"ListItem\",\"position\":2,\"name\":\"Gu\u00eda de compra\",\"item\":\"https:\/\/www.bymycar.es\/webzine\/guia-de-compra\/\"},{\"@type\":\"ListItem\",\"position\":3,\"name\":\"\u00bfCu\u00e1les son los mejores SUV de Espa\u00f1a?\"}]},{\"@type\":\"WebSite\",\"@id\":\"https:\/\/www.bymycar.es\/webzine\/#website\",\"url\":\"https:\/\/www.bymycar.es\/webzine\/\",\"name\":\"Webzine ES | BYmyCAR\",\"description\":\"_la revista web de autom\u00f3viles de\",\"publisher\":{\"@id\":\"https:\/\/www.bymycar.es\/webzine\/#organization\"},\"potentialAction\":[{\"@type\":\"SearchAction\",\"target\":{\"@type\":\"EntryPoint\",\"urlTemplate\":\"https:\/\/www.bymycar.es\/webzine\/?s={search_term_string}\"},\"query-input\":{\"@type\":\"PropertyValueSpecification\",\"valueRequired\":true,\"valueName\":\"search_term_string\"}}],\"inLanguage\":\"es\"},{\"@type\":\"Organization\",\"@id\":\"https:\/\/www.bymycar.es\/webzine\/#organization\",\"name\":\"Webzine ES | BYmyCAR\",\"url\":\"https:\/\/www.bymycar.es\/webzine\/\",\"logo\":{\"@type\":\"ImageObject\",\"inLanguage\":\"es\",\"@id\":\"https:\/\/www.bymycar.es\/webzine\/#\/schema\/logo\/image\/\",\"url\":\"https:\/\/cdn.bymycar.eu\/es-webzine\/wp-content\/uploads\/2024\/09\/02160738\/unicef-4f_tvnGjBVc-unsplash-scaled.jpg\",\"contentUrl\":\"https:\/\/cdn.bymycar.eu\/es-webzine\/wp-content\/uploads\/2024\/09\/02160738\/unicef-4f_tvnGjBVc-unsplash-scaled.jpg\",\"width\":2560,\"height\":1829,\"caption\":\"Webzine ES | BYmyCAR\"},\"image\":{\"@id\":\"https:\/\/www.bymycar.es\/webzine\/#\/schema\/logo\/image\/\"}},{\"@type\":\"Person\",\"@id\":\"https:\/\/www.bymycar.es\/webzine\/#\/schema\/person\/375c93f5b661901545387400fac8c2e6\",\"name\":\"Maxime Teyzier\",\"image\":{\"@type\":\"ImageObject\",\"inLanguage\":\"es\",\"@id\":\"https:\/\/www.bymycar.es\/webzine\/#\/schema\/person\/image\/\",\"url\":\"https:\/\/secure.gravatar.com\/avatar\/775d7ca272b1127774665641ffacd51187de7f74691b8a87f73c892af1cbd9b7?s=96&d=mm&r=g\",\"contentUrl\":\"https:\/\/secure.gravatar.com\/avatar\/775d7ca272b1127774665641ffacd51187de7f74691b8a87f73c892af1cbd9b7?s=96&d=mm&r=g\",\"caption\":\"Maxime Teyzier\"},\"sameAs\":[\"https:\/\/www.bymycar.es\/webzine\/\"]}]}<\/script>\n<!-- \/ Yoast SEO plugin. -->","yoast_head_json":{"title":"\u00bfCu\u00e1les son los mejores SUV de Espa\u00f1a? - Webzine ES | BYmyCAR","robots":{"index":"index","follow":"follow","max-snippet":"max-snippet:-1","max-image-preview":"max-image-preview:large","max-video-preview":"max-video-preview:-1"},"canonical":"https:\/\/www.bymycar.es\/webzine\/cuales-son-los-mejores-suv-de-espana\/","og_locale":"es_ES","og_type":"article","og_title":"\u00bfCu\u00e1les son los mejores SUV de Espa\u00f1a? - Webzine ES | BYmyCAR","og_url":"https:\/\/www.bymycar.es\/webzine\/cuales-son-los-mejores-suv-de-espana\/","og_site_name":"Webzine ES | BYmyCAR","article_published_time":"2025-02-11T15:17:15+00:00","article_modified_time":"2025-02-14T10:21:28+00:00","og_image":[{"width":2560,"height":1707,"url":"https:\/\/cdn.bymycar.eu\/es-webzine\/wp-content\/uploads\/2025\/02\/11161145\/duster-mejores-suv-espana-scaled.jpg","type":"image\/jpeg"}],"author":"Maxime Teyzier","twitter_card":"summary_large_image","twitter_misc":{"Escrito por":"Maxime Teyzier","Tiempo de lectura":"1 minuto"},"schema":{"@context":"https:\/\/schema.org","@graph":[{"@type":"Article","@id":"https:\/\/www.bymycar.es\/webzine\/cuales-son-los-mejores-suv-de-espana\/#article","isPartOf":{"@id":"https:\/\/www.bymycar.es\/webzine\/cuales-son-los-mejores-suv-de-espana\/"},"author":{"name":"Maxime Teyzier","@id":"https:\/\/www.bymycar.es\/webzine\/#\/schema\/person\/375c93f5b661901545387400fac8c2e6"},"headline":"\u00bfCu\u00e1les son los mejores SUV de Espa\u00f1a?","datePublished":"2025-02-11T15:17:15+00:00","dateModified":"2025-02-14T10:21:28+00:00","mainEntityOfPage":{"@id":"https:\/\/www.bymycar.es\/webzine\/cuales-son-los-mejores-suv-de-espana\/"},"wordCount":9,"publisher":{"@id":"https:\/\/www.bymycar.es\/webzine\/#organization"},"image":{"@id":"https:\/\/www.bymycar.es\/webzine\/cuales-son-los-mejores-suv-de-espana\/#primaryimage"},"thumbnailUrl":"https:\/\/cdn.bymycar.eu\/es-webzine\/wp-content\/uploads\/2025\/02\/11161145\/duster-mejores-suv-espana-scaled.jpg","articleSection":["Gu\u00eda de compra"],"inLanguage":"es"},{"@type":"WebPage","@id":"https:\/\/www.bymycar.es\/webzine\/cuales-son-los-mejores-suv-de-espana\/","url":"https:\/\/www.bymycar.es\/webzine\/cuales-son-los-mejores-suv-de-espana\/","name":"\u00bfCu\u00e1les son los mejores SUV de Espa\u00f1a? - Webzine ES | BYmyCAR","isPartOf":{"@id":"https:\/\/www.bymycar.es\/webzine\/#website"},"primaryImageOfPage":{"@id":"https:\/\/www.bymycar.es\/webzine\/cuales-son-los-mejores-suv-de-espana\/#primaryimage"},"image":{"@id":"https:\/\/www.bymycar.es\/webzine\/cuales-son-los-mejores-suv-de-espana\/#primaryimage"},"thumbnailUrl":"https:\/\/cdn.bymycar.eu\/es-webzine\/wp-content\/uploads\/2025\/02\/11161145\/duster-mejores-suv-espana-scaled.jpg","datePublished":"2025-02-11T15:17:15+00:00","dateModified":"2025-02-14T10:21:28+00:00","breadcrumb":{"@id":"https:\/\/www.bymycar.es\/webzine\/cuales-son-los-mejores-suv-de-espana\/#breadcrumb"},"inLanguage":"es","potentialAction":[{"@type":"ReadAction","target":["https:\/\/www.bymycar.es\/webzine\/cuales-son-los-mejores-suv-de-espana\/"]}]},{"@type":"ImageObject","inLanguage":"es","@id":"https:\/\/www.bymycar.es\/webzine\/cuales-son-los-mejores-suv-de-espana\/#primaryimage","url":"https:\/\/cdn.bymycar.eu\/es-webzine\/wp-content\/uploads\/2025\/02\/11161145\/duster-mejores-suv-espana-scaled.jpg","contentUrl":"https:\/\/cdn.bymycar.eu\/es-webzine\/wp-content\/uploads\/2025\/02\/11161145\/duster-mejores-suv-espana-scaled.jpg","width":2560,"height":1707,"caption":"El Dacia Duster se afirma como uno de los SUV m\u00e1s fiables del mercado espa\u00f1ol"},{"@type":"BreadcrumbList","@id":"https:\/\/www.bymycar.es\/webzine\/cuales-son-los-mejores-suv-de-espana\/#breadcrumb","itemListElement":[{"@type":"ListItem","position":1,"name":"Inicio","item":"https:\/\/www.bymycar.es\/webzine\/"},{"@type":"ListItem","position":2,"name":"Gu\u00eda de compra","item":"https:\/\/www.bymycar.es\/webzine\/guia-de-compra\/"},{"@type":"ListItem","position":3,"name":"\u00bfCu\u00e1les son los mejores SUV de Espa\u00f1a?"}]},{"@type":"WebSite","@id":"https:\/\/www.bymycar.es\/webzine\/#website","url":"https:\/\/www.bymycar.es\/webzine\/","name":"Webzine ES | BYmyCAR","description":"_la revista web de autom\u00f3viles de","publisher":{"@id":"https:\/\/www.bymycar.es\/webzine\/#organization"},"potentialAction":[{"@type":"SearchAction","target":{"@type":"EntryPoint","urlTemplate":"https:\/\/www.bymycar.es\/webzine\/?s={search_term_string}"},"query-input":{"@type":"PropertyValueSpecification","valueRequired":true,"valueName":"search_term_string"}}],"inLanguage":"es"},{"@type":"Organization","@id":"https:\/\/www.bymycar.es\/webzine\/#organization","name":"Webzine ES | BYmyCAR","url":"https:\/\/www.bymycar.es\/webzine\/","logo":{"@type":"ImageObject","inLanguage":"es","@id":"https:\/\/www.bymycar.es\/webzine\/#\/schema\/logo\/image\/","url":"https:\/\/cdn.bymycar.eu\/es-webzine\/wp-content\/uploads\/2024\/09\/02160738\/unicef-4f_tvnGjBVc-unsplash-scaled.jpg","contentUrl":"https:\/\/cdn.bymycar.eu\/es-webzine\/wp-content\/uploads\/2024\/09\/02160738\/unicef-4f_tvnGjBVc-unsplash-scaled.jpg","width":2560,"height":1829,"caption":"Webzine ES | BYmyCAR"},"image":{"@id":"https:\/\/www.bymycar.es\/webzine\/#\/schema\/logo\/image\/"}},{"@type":"Person","@id":"https:\/\/www.bymycar.es\/webzine\/#\/schema\/person\/375c93f5b661901545387400fac8c2e6","name":"Maxime Teyzier","image":{"@type":"ImageObject","inLanguage":"es","@id":"https:\/\/www.bymycar.es\/webzine\/#\/schema\/person\/image\/","url":"https:\/\/secure.gravatar.com\/avatar\/775d7ca272b1127774665641ffacd51187de7f74691b8a87f73c892af1cbd9b7?s=96&d=mm&r=g","contentUrl":"https:\/\/secure.gravatar.com\/avatar\/775d7ca272b1127774665641ffacd51187de7f74691b8a87f73c892af1cbd9b7?s=96&d=mm&r=g","caption":"Maxime Teyzier"},"sameAs":["https:\/\/www.bymycar.es\/webzine\/"]}]}},"_links":{"self":[{"href":"https:\/\/www.bymycar.es\/webzine\/wp-json\/wp\/v2\/posts\/4210","targetHints":{"allow":["GET"]}}],"collection":[{"href":"https:\/\/www.bymycar.es\/webzine\/wp-json\/wp\/v2\/posts"}],"about":[{"href":"https:\/\/www.bymycar.es\/webzine\/wp-json\/wp\/v2\/types\/post"}],"author":[{"embeddable":true,"href":"https:\/\/www.bymycar.es\/webzine\/wp-json\/wp\/v2\/users\/11"}],"replies":[{"embeddable":true,"href":"https:\/\/www.bymycar.es\/webzine\/wp-json\/wp\/v2\/comments?post=4210"}],"version-history":[{"count":8,"href":"https:\/\/www.bymycar.es\/webzine\/wp-json\/wp\/v2\/posts\/4210\/revisions"}],"predecessor-version":[{"id":4220,"href":"https:\/\/www.bymycar.es\/webzine\/wp-json\/wp\/v2\/posts\/4210\/revisions\/4220"}],"wp:featuredmedia":[{"embeddable":true,"href":"https:\/\/www.bymycar.es\/webzine\/wp-json\/wp\/v2\/media\/4213"}],"wp:attachment":[{"href":"https:\/\/www.bymycar.es\/webzine\/wp-json\/wp\/v2\/media?parent=4210"}],"wp:term":[{"taxonomy":"category","embeddable":true,"href":"https:\/\/www.bymycar.es\/webzine\/wp-json\/wp\/v2\/categories?post=4210"},{"taxonomy":"post_tag","embeddable":true,"href":"https:\/\/www.bymycar.es\/webzine\/wp-json\/wp\/v2\/tags?post=4210"}],"curies":[{"name":"wp","href":"https:\/\/api.w.org\/{rel}","templated":true}]}}